{"id":5727,"date":"2025-01-26T11:29:16","date_gmt":"2025-01-26T10:29:16","guid":{"rendered":"http:\/\/karinhahnrezensionen.com\/lese24\/?p=5727"},"modified":"2025-01-26T11:29:16","modified_gmt":"2025-01-26T10:29:16","slug":"tina-n-martin-schattenschwester","status":"publish","type":"post","link":"http:\/\/karinhahnrezensionen.com\/lese24\/tina-n-martin-schattenschwester\/","title":{"rendered":"Tina N. Martin: Schattenschwester"},"content":{"rendered":"<p>Tina N. Martin: Schattenschwester, Aus dem Schwedischen von Leena Fleger, Blanvalet Verlag, M\u00fcnchen 2025, 560 Seiten, \u20ac16,00, 978-3-7341-1382-6<\/p>\n<p><em>\u201eIn f\u00fcnf Jahren werden sie vollj\u00e4hrig, da k\u00f6nnen sie von zu Hause ausziehen, in eine eigene Wohnung, in einer anderen Stadt, wenn sie wollen. Emma hat vor, Molly zum Einzug einen Hund zu kaufen, oder zumindest eine Katze. Gemeinsam werden sie alles schaffen, einfach alles.\u201c<\/em><\/p>\n<p>Emma und Molly sind Zwillingsschwester. Von Geburt an verbindet beide eine innige Zuneigung. Sie sind ein unschlagbares Team. Die Geschichte dieser Schwestern zieht sich wie ein roter Faden durch den Roman. Denn Emma wird ab ihrem vierzehnten Lebensjahr in der geschlossenen intensivtherapeutischen Jugendhilfeeinrichtung in Bodeng\u00e5rden leben. Was ist in der Zwischenzeit geschehen? Wo ist Molly und wo die Eltern? Nach und nach erfahren die Lesenden wie die Verhaltensweisen der Eltern von Emma und Molly die kleine Familie zerst\u00f6ren werden. Als Emma ins Heim kommt, lebt dort auch Elvira Lind, die, das wissen alle, schwanger ist.<br \/>\nDer Roman jedoch beginnt mit einem schrecklichen Ereignis, denn Elvira, die seltsamerweise drei Jahre von der Bildfl\u00e4che ohne ein Lebenszeichen verschwunden ist, hat sich aus dem Kirchturm unweit der Jugendhilfeeinrichtung in den Tod gest\u00fcrzt. Zeugen waren eine Hochzeitsgesellschaft und eine Fotografin, die wertvolles Material der Polizei zur Verf\u00fcgung stellen wird. Auff\u00e4llig ist, dass Elviras blasses Gesicht davon zeugt, dass sie sich lange in verdunkelten R\u00e4umen aufgehalten haben muss.<br \/>\nDie Kommissare Calle Brandt und Idun Lind befassen sich nun mit diesem Fall, bei dem nicht klar ist, ob sich Elvira zum Suizid entschlossen hat oder von einer Person gesto\u00dfen wurde. Und dann bleibt immer noch die Frage: Wo ist ihr Kind? Die Lesenden erfahren von Elviras Leid, ihrer Gefangenschaft und auch davon, dass sie ihr Kind, ein M\u00e4dchen, geboren hat. Denn nicht nur Elvira musste das Martyrium durchleiden, auch Agnes Backe, ebenfalls schwanger, lebt im unterirdischen<br \/>\nKerker. Auch Agnes verschwand vor einiger Zeit, doch die Polizei geht bei Jugendlichen aus den Heimen immer davon aus, dass sie \u00fcber kurz oder lang wieder zur\u00fcckkommen.<br \/>\nBrisant an dem Fall ist, dass Idun Lind mit Elvira verwandt ist. Beider M\u00fctter sind Schwestern, die allerdings jahrelang keinen Kontakt hatten. Zum einen gab es einen gro\u00dfen Altersunterschied und Maj, die Mutter von Elvira, hat sich nie um ihre Tochter gek\u00fcmmert, bedingt auch durch ihre psychische Erkrankung. Bei den Befragungen des Personals in der Jugendeinrichtung setzt sich langsam ein Bild von den eingeschlossenen M\u00e4dchen, die zum gr\u00f6\u00dften Teil gewaltbereit und aggressiv auf alles reagieren, zusammen. Ihr Vertrauen zu Erwachsenen ist fundamental ersch\u00fcttert. Emma scheint der ruhende Pol der M\u00e4dchengemeinschaft zu sein, diejenige mit der alle sprechen. Sie genie\u00dft die Zuneigung von Beata und Knut, dem aufsichtsf\u00fchrenden Personal, aber auch von Mona, der Psychologin und der Leiterin Viveca. Die Ermittler stellen zwar fest, dass Knut vor Jahren mit der Polizei zu tun hatte, aber alle anderen Sozialarbeiter und die Psychologin ihrer Arbeit mit Engagement und Empathie nachgehen. Calle und Idun treten auf der Stelle, sie kommen einfach nicht voran. In einer Nebenhandlung erfahren die Lesenden, dass die M\u00e4dchen aus dem Heim in der Nacht unterirdische G\u00e4nge finden und dass Knut offenbar zur minderj\u00e4hrigen Insassin Kajsa ein mehr als professionelles Verh\u00e4ltnis hat.<br \/>\nDa Tina N. Martin zeitversetzt und aus den Blickwinkeln der Jugendlichen im Heim, den im Kerker gefangenen M\u00e4dchen, den Ermittlern und den Zwillingen erz\u00e4hlt, k\u00f6nnen die Lesenden schnell selbst kombinieren, was eigentlich geschehen ist und wer hinter den Grausamkeiten stecken k\u00f6nnte.<br \/>\nDoch in immer neuen Wendungen \u00e4ndert sich das Bild von den einzelnen Figuren.<br \/>\nInteressant ist der Blick in die schwedische Gesellschaft und ihr Umgang mit Jugendlichen, die fr\u00fch durch kriminelle wie gewaltsame Taten auffallen.<br \/>\nZiemlich oft kreisen die Romane von Tina N. Martin um das Thema Mutterschaft in all ihren Facetten, auch Idun wird in diesem Band feststellen, dass sie von ihrem Freund Tareq ungewollt schwanger ist und eine Entscheidung treffen muss.<br \/>\nWie immer spannende Lekt\u00fcre mit Tiefgang!<br \/>\n<strong>Auf dieser Website ist auch die Besprechung des Romans \u201eApfelm\u00e4dchen\u201c von Tina N. Martin zu lesen: http:\/\/karinhahnrezensionen.com\/lese24\/tina-n-martin-apfelmaedchen\/<\/strong><\/p>\n","protected":false},"excerpt":{"rendered":"<p>Tina N. Martin: Schattenschwester, Aus dem Schwedischen von Leena Fleger, Blanvalet Verlag, M\u00fcnchen 2025, 560 Seiten, \u20ac16,00, 978-3-7341-1382-6 \u201eIn f\u00fcnf Jahren werden sie vollj\u00e4hrig, da k\u00f6nnen sie von zu Hause ausziehen, in eine eigene Wohnung, in einer anderen Stadt, wenn&#8230; <a class=\"more-link\" href=\"http:\/\/karinhahnrezensionen.com\/lese24\/tina-n-martin-schattenschwester\/\">Weiterlesen &rarr;<\/a><\/p>\n","protected":false},"author":1,"featured_media":5728,"comment_status":"closed","ping_status":"closed","sticky":false,"template":"","format":"standard","meta":[],"categories":[6],"tags":[],"_links":{"self":[{"href":"http:\/\/karinhahnrezensionen.com\/lese24\/wp-json\/wp\/v2\/posts\/5727"}],"collection":[{"href":"http:\/\/karinhahnrezensionen.com\/lese24\/wp-json\/wp\/v2\/posts"}],"about":[{"href":"http:\/\/karinhahnrezensionen.com\/lese24\/wp-json\/wp\/v2\/types\/post"}],"author":[{"embeddable":true,"href":"http:\/\/karinhahnrezensionen.com\/lese24\/wp-json\/wp\/v2\/users\/1"}],"replies":[{"embeddable":true,"href":"http:\/\/karinhahnrezensionen.com\/lese24\/wp-json\/wp\/v2\/comments?post=5727"}],"version-history":[{"count":2,"href":"http:\/\/karinhahnrezensionen.com\/lese24\/wp-json\/wp\/v2\/posts\/5727\/revisions"}],"predecessor-version":[{"id":5730,"href":"http:\/\/karinhahnrezensionen.com\/lese24\/wp-json\/wp\/v2\/posts\/5727\/revisions\/5730"}],"wp:featuredmedia":[{"embeddable":true,"href":"http:\/\/karinhahnrezensionen.com\/lese24\/wp-json\/wp\/v2\/media\/5728"}],"wp:attachment":[{"href":"http:\/\/karinhahnrezensionen.com\/lese24\/wp-json\/wp\/v2\/media?parent=5727"}],"wp:term":[{"taxonomy":"category","embeddable":true,"href":"http:\/\/karinhahnrezensionen.com\/lese24\/wp-json\/wp\/v2\/categories?post=5727"},{"taxonomy":"post_tag","embeddable":true,"href":"http:\/\/karinhahnrezensionen.com\/lese24\/wp-json\/wp\/v2\/tags?post=5727"}],"curies":[{"name":"wp","href":"https:\/\/api.w.org\/{rel}","templated":true}]}}